{"id":47457,"date":"2019-11-18T10:41:46","date_gmt":"2019-11-18T03:41:46","guid":{"rendered":"https:\/\/tis.edu.vn\/?p=47457"},"modified":"2019-11-18T16:23:40","modified_gmt":"2019-11-18T09:23:40","slug":"%ef%bb%bfthu-cam-on-tis-homecoming-gala-16-11-2019","status":"publish","type":"post","link":"https:\/\/tis.edu.vn\/en\/%ef%bb%bfthu-cam-on-tis-homecoming-gala-16-11-2019\/","title":{"rendered":"\ufeffTH\u01af C\u1ea2M \u01a0N TIS HOMECOMING GALA 16.11.2019"},"content":{"rendered":"<p>V\u1eady l\u00e0, ch\u01b0\u01a1ng tr\u00ecnh <strong>TIS Homecoming Gala <\/strong>k\u1ef7 ni\u1ec7m 20 n\u0103m Tr\u01b0\u1eddng Qu\u1ed1c T\u1ebf TIS c\u00f3 m\u1eb7t t\u1ea1i TP.HCM<strong>: Home Of My Heart<\/strong> \u0111\u00e3 di\u1ec5n ra \u0111\u1ea7y c\u1ea3m x\u00fac, b\u00f9ng n\u1ed5 v\u00e0 r\u1ea5t th\u00e0nh c\u00f4ng v\u00e0o \u0111\u00eam qua 16\/11\/2019 t\u1ea1i Nh\u00e0 H\u00e1t B\u1ebfn Th\u00e0nh, Q1, TP.HCM. Ch\u01b0\u01a1ng tr\u00ecnh bao g\u1ed3m<strong> Ph\u1ea7n L\u1ec5 k\u1ef7 ni\u1ec7m, tri \u00e2n<\/strong> v\u00e0 <strong>16 ti\u1ebft m\u1ee5c ca m\u00faa nh\u1ea1c <\/strong>c\u1ee7a t\u1eadp th\u1ec3 GVNV c\u00f9ng c\u00e1c em HS c\u00e1c th\u1ebf h\u1ec7 \u0111\u01b0\u1ee3c d\u00e0n d\u1ef1ng <strong>\u0111\u1ea7y \u00fd t\u01b0\u1edfng m\u1edbi l\u1ea1, \u0111\u1eb7c s\u1eafc, s\u00e1ng t\u1ea1o v\u00e0 gi\u00e0u \u00fd ngh\u0129a.<\/strong> Ch\u01b0\u01a1ng tr\u00ecnh \u0111\u00e3 nh\u1eadn \u0111\u01b0\u1ee3c nhi\u1ec1u l\u1eddi khen ng\u1ee3i t\u1eeb Ph\u1ee5 huynh, Kh\u00e1ch m\u1eddi, B\u00e1o ch\u00ed v\u00e0 c\u00e1c em h\u1ecdc sinh nh\u01b0 l\u00e0 <strong>m\u1ed9t ch\u01b0\u01a1ng tr\u00ecnh TIS Gala \u0111\u1eb7c bi\u1ec7t nh\u1ea5t t\u1eeb tr\u01b0\u1edbc t\u1edbi nay<\/strong>. \u0110\u00e2y l\u00e0 m\u1ed9t s\u1ef1 ghi nh\u1eadn x\u1ee9ng \u0111\u00e1ng d\u00e0nh cho t\u1ea5t c\u1ea3 nh\u1eefng <strong>n\u1ed7 l\u1ef1c tuy\u1ec7t v\u1eddi, kh\u00f4ng ng\u1eebng ngh\u1ec9 <\/strong>c\u1ee7a t\u1ea5t c\u1ea3 ch\u00fang ta trong su\u1ed1t nh\u1eefng ng\u00e0y v\u1eeba qua.<\/p>\n\n\n\n<div class=\"wp-block-image\"><figure class=\"aligncenter is-resized\"><img fetchpriority=\"high\" decoding=\"async\" src=\"https:\/\/tis.edu.vn\/wp-content\/uploads\/2019\/11\/IMG_5562-min-1024x683.jpg\" alt=\"\" class=\"wp-image-47458\" width=\"512\" height=\"342\" srcset=\"https:\/\/tis.edu.vn\/wp-content\/uploads\/2019\/11\/IMG_5562-min-1024x683.jpg 1024w, https:\/\/tis.edu.vn\/wp-content\/uploads\/2019\/11\/IMG_5562-min-600x400.jpg 600w, https:\/\/tis.edu.vn\/wp-content\/uploads\/2019\/11\/IMG_5562-min-300x200.jpg 300w\" sizes=\"(max-width: 512px) 100vw, 512px\" \/><\/figure><\/div>\n\n\n\n<p>Ti\u00ean quy\u1ebft nh\u1ea5t, \u0111\u1ec3 c\u00f3 \u0111\u01b0\u1ee3c s\u1ef1 th\u00e0nh c\u00f4ng v\u01b0\u1ee3t b\u1eadc, th\u1ec3 hi\u1ec7n \u0111\u00fang tinh th\u1ea7n c\u1ee7a <strong>TIS Homecoming Gala &#8211; Home Of My Heart<\/strong> v\u00e0 tinh th\u1ea7n b\u00f9ng n\u1ed5 ch\u00e0o \u0111\u00f3n th\u1eadp k\u1ef7 th\u1ee9 3,<strong>tinh th\u1ea7n n\u00e0ydo ch\u00ednh Nh\u00e0 S\u00e1ng L\u1eadp &#8211; Hi\u1ec7u Tr\u01b0\u1edfng Nh\u00e0 Tr\u01b0\u1eddng, Ts. L\u00ea \u0110\u1ee9c \u00c1nh \u0111\u00e3 tr\u1ef1c ti\u1ebfp v\u1ea1ch ra \u0111\u1ecbnh h\u01b0\u1edbng t\u1eeb \u0111\u1ea7u, k\u1ebft n\u1ed1i, h\u01b0\u1edbng d\u1eabn v\u00e0 tham gia tr\u1ef1c ti\u1ebfp <\/strong>trong su\u1ed1t qu\u00e1 tr\u00ecnh th\u1ef1c hi\u1ec7n ch\u01b0\u01a1ng tr\u00ecnh. \u0110\u00e2y ch\u00ednh l\u00e0 <strong>ti\u1ec1n \u0111\u1ec1 l\u1edbn nh\u1ea5t<\/strong> \u0111\u1ec3 ch\u01b0\u01a1ng tr\u00ecnh n\u0103m nay \u0111\u1ea1t \u0111\u01b0\u1ee3c s\u1ef1 th\u00e0nh c\u00f4ng, t\u1ea1o \u0111\u01b0\u1ee3c ti\u1ebfng vang v\u00e0 \u00fd ngh\u0129a tr\u1ecdn v\u1eb9n. Xin \u0111\u01b0\u1ee3c ch\u00fac m\u1eebng Th\u1ea7y v\u00e0 ch\u00fac m\u1eebng t\u1eadp th\u1ec3 GVNV, H\u1ecdc sinh TIS c\u00e1c th\u1ebf h\u1ec7 \u0111\u00e3 c\u00f9ng nhau \u0111o\u00e0n k\u1ebft cho m\u1ed9t TIS Homecoming Gala \u0111\u1ea7y c\u1ea3m x\u00fac.&nbsp;<\/p>\n\n\n\n<div class=\"wp-block-image\"><figure class=\"aligncenter is-resized\"><img decoding=\"async\" src=\"https:\/\/tis.edu.vn\/wp-content\/uploads\/2019\/11\/IMG_4718-min-1024x683.jpg\" alt=\"\" class=\"wp-image-47459\" width=\"512\" height=\"342\" srcset=\"https:\/\/tis.edu.vn\/wp-content\/uploads\/2019\/11\/IMG_4718-min-1024x683.jpg 1024w, https:\/\/tis.edu.vn\/wp-content\/uploads\/2019\/11\/IMG_4718-min-600x400.jpg 600w, https:\/\/tis.edu.vn\/wp-content\/uploads\/2019\/11\/IMG_4718-min-300x200.jpg 300w\" sizes=\"(max-width: 512px) 100vw, 512px\" \/><\/figure><\/div>\n\n\n\n<p><strong>Nh\u00e0 Tr\u01b0\u1eddng<\/strong> xin g\u1eedi l\u1eddi c\u1ea3m \u01a1n ghi nh\u1eadn vai tr\u00f2 \u0111\u1eb7c bi\u1ec7t c\u1ee7a<strong> Th\u1ea7y BRIAN LE<\/strong> c\u0169ng l\u00e0 <strong>T\u1ed4NG \u0110\u1ea0O DI\u1ec4N CH\u01af\u01a0NG TR\u00ccNH <\/strong> \u0111\u00e3 d\u00e0nh r\u1ea5t nhi\u1ec1u th\u1eddi gian, c\u00f4ng s\u1ee9c \u0111\u1ec3 \u0111\u1ecbnh v\u1ecb, x\u00e2y d\u1ef1ng k\u1ecbch b\u1ea3n, huy \u0111\u1ed9ng ngu\u1ed3n l\u1ef1c, \u0111i\u1ec1u ph\u1ed1i n\u1ed9i dung, gi\u00e1m s\u00e1t qu\u00e1 tr\u00ecnh t\u1eadp luy\u1ec7n v\u00e0 quan tr\u1ecdng nh\u1ea5t l\u00e0 t\u1ea1o \u0111\u1ed9ng l\u1ef1c cho t\u1ea5t c\u1ea3 c\u00e1c th\u00e0nh vi\u00ean BTC, c\u00e1c GVNV v\u00e0 c\u00e1c em H\u1ecdc sinh \u0111\u1ed3ng l\u00f2ng th\u1ef1c hi\u1ec7n m\u1ed9t ch\u01b0\u01a1ng tr\u00ecnh L\u1ec5 k\u1ef7 ni\u1ec7m &#8211; Tri \u00e2n v\u00e0 Nh\u1ea1c h\u1ed9i Gala v\u1edbi nh\u1eefng ti\u1ebft m\u1ee5c \u0111\u1eb7c s\u1eafc, tuy\u1ec7t v\u1eddi nh\u01b0 ch\u00fang ta \u0111\u00e3 \u0111\u01b0\u1ee3c c\u1ea3m nh\u1eadn \u0111\u00eam qua. <\/p>\n\n\n\n<div class=\"wp-block-image\"><figure class=\"aligncenter is-resized\"><img decoding=\"async\" src=\"https:\/\/tis.edu.vn\/wp-content\/uploads\/2019\/11\/IMG_4810-min-1024x683.jpg\" alt=\"\" class=\"wp-image-47460\" width=\"512\" height=\"342\" srcset=\"https:\/\/tis.edu.vn\/wp-content\/uploads\/2019\/11\/IMG_4810-min-1024x683.jpg 1024w, https:\/\/tis.edu.vn\/wp-content\/uploads\/2019\/11\/IMG_4810-min-600x400.jpg 600w, https:\/\/tis.edu.vn\/wp-content\/uploads\/2019\/11\/IMG_4810-min-300x200.jpg 300w\" sizes=\"(max-width: 512px) 100vw, 512px\" \/><\/figure><\/div>\n\n\n\n<p>Trong bu\u1ed5i l\u1ec5<strong>, <\/strong>Nh\u00e0 tr\u01b0\u1eddng \u0111\u00e3 vinh d\u1ef1 \u0111\u00f3n nh\u1eadn r\u1ea5t nhi\u1ec1u L\u1eb5ng hoa, l\u1eddi ch\u00fac, th\u01b0 ch\u00fac m\u1eebng t\u1eeb c\u00e1c c\u1ea5p. Ch\u00fang t\u00f4i xin \u0111\u01b0\u1ee3c g\u1eedi l\u1eddi c\u1ea3m \u01a1n \u0111\u1ebfn c\u00e1c c\u01a1 quan ban ng\u00e0nh B\u1ed9 Gi\u00e1o D\u1ee5c, UBND Th\u00e0nh Ph\u1ed1 HCM, Ban N\u1ed9i Ch\u00ednh Th\u00e0nh \u1ee6y, S\u1edf Gi\u00e1o D\u1ee5c &amp; \u0110\u00e0o t\u1ea1o, S\u1edf N\u1ed9i V\u1ee5, TW H\u1ed9i Khoa h\u1ecdc ph\u00e1t tri\u1ec3n ngu\u1ed3n nh\u00e2n l\u1ef1c nh\u00e2n t\u00e0i Vi\u1ec7t Nam, TW h\u1ed9i khoa h\u1ecdc t\u00e2m l\u00fd gi\u00e1o d\u1ee5c Vi\u1ec7t Nam c\u00f9ng nhi\u1ec1u c\u01a1 quan, t\u1ed5 ch\u1ee9c \u0111\u00e3 h\u1ed7 tr\u1ee3 t\u00edch c\u1ef1c cho s\u1ef1 ph\u00e1t tri\u1ec3n c\u1ee7a Nh\u00e0 tr\u01b0\u1eddng trong su\u1ed1t th\u1eddi gian d\u00e0i \u0111\u00e3 qua.<\/p>\n\n\n\n<div class=\"wp-block-image\"><figure class=\"aligncenter is-resized\"><img loading=\"lazy\" decoding=\"async\" src=\"https:\/\/tis.edu.vn\/wp-content\/uploads\/2019\/11\/IMG_4741-min-1024x683.jpg\" alt=\"\" class=\"wp-image-47461\" width=\"512\" height=\"342\" srcset=\"https:\/\/tis.edu.vn\/wp-content\/uploads\/2019\/11\/IMG_4741-min-1024x683.jpg 1024w, https:\/\/tis.edu.vn\/wp-content\/uploads\/2019\/11\/IMG_4741-min-600x400.jpg 600w, https:\/\/tis.edu.vn\/wp-content\/uploads\/2019\/11\/IMG_4741-min-300x200.jpg 300w\" sizes=\"(max-width: 512px) 100vw, 512px\" \/><\/figure><\/div>\n\n\n\n<p>B\u00ean c\u1ea1nh \u0111\u00f3, xin \u0111\u01b0\u1ee3c g\u1eedi l\u1eddi c\u1ea3m \u01a1n s\u00e2u s\u1eafc \u0111\u1ebfn c\u00e1c t\u1ed5 ch\u1ee9c gi\u00e1o d\u1ee5c, Tr\u01b0\u1eddng \u0110\u1ea1i h\u1ecdc Qu\u1ed1c t\u1ebf v\u00e0 trong n\u01b0\u1edbc c\u00f9ng nhi\u1ec1u \u0110\u1ed1i t\u00e1c, c\u00e1c \u0111\u01a1n v\u1ecb B\u00e1o \u0111\u00e0i, Nh\u00e0 cung c\u1ea5p, Doanh nghi\u1ec7p \u0111\u00e3 lu\u00f4n tin t\u01b0\u1edfng v\u00e0 h\u1ebft m\u00ecnh gi\u00fap \u0111\u1ee1 cho ch\u01b0\u01a1ng tr\u00ecnh TIS Homecoming Gala &#8211; Home Of My Heart \u0111\u01b0\u1ee3c di\u1ec5n ra thu\u1eadn l\u1ee3i v\u00e0 \u0111\u00fang v\u1edbi tinh th\u1ea7n chung \u0111\u00e3 \u0111\u1eb7t ra. <\/p>\n\n\n\n<div class=\"wp-block-image\"><figure class=\"aligncenter is-resized\"><img loading=\"lazy\" decoding=\"async\" src=\"https:\/\/tis.edu.vn\/wp-content\/uploads\/2019\/11\/IMG_5569-min-1024x683.jpg\" alt=\"\" class=\"wp-image-47462\" width=\"512\" height=\"342\" srcset=\"https:\/\/tis.edu.vn\/wp-content\/uploads\/2019\/11\/IMG_5569-min-1024x683.jpg 1024w, https:\/\/tis.edu.vn\/wp-content\/uploads\/2019\/11\/IMG_5569-min-600x400.jpg 600w, https:\/\/tis.edu.vn\/wp-content\/uploads\/2019\/11\/IMG_5569-min-300x200.jpg 300w\" sizes=\"(max-width: 512px) 100vw, 512px\" \/><\/figure><\/div>\n\n\n\n<p>V\u00e0 cu\u1ed1i c\u00f9ng, Nh\u00e0 tr\u01b0\u1eddng xin \u0111\u01b0\u1ee3c c\u1ea3m \u01a1n t\u1ea5t c\u1ea3 c\u00e1c th\u00e0nh vi\u00ean l\u00e0 GVNV, Ph\u1ee5 huynh v\u00e0 H\u1ecdc sinh c\u00e1c th\u1ebf h\u1ec7 c\u1ee7a Tr\u01b0\u1eddng Qu\u1ed1c t\u1ebf TIS \u0111\u00e3 lu\u00f4n tin t\u01b0\u1edfng, \u1ee7ng h\u1ed9 h\u1ebft m\u00ecnh, n\u1ed7 l\u1ef1c h\u1ed7 tr\u1ee3 m\u1ecdi ph\u01b0\u01a1ng di\u1ec7n c\u1ea3 v\u1ec1 th\u1eddi gian, s\u1ee9c l\u1ef1c v\u00e0 t\u00e0i ch\u00ednh \u0111\u1ec3 c\u00e1c ho\u1ea1t \u0111\u1ed9ng c\u1ee7a <strong>TIS Homecoming Gala &#8211; Home Of My Heart<\/strong>\u0111\u01b0\u1ee3c di\u1ec5n ra t\u1ed1t \u0111\u1eb9p t\u1eeb kh\u00e2u chu\u1ea9n b\u1ecb, t\u1eadp luy\u1ec7n, ph\u1ed1i h\u1ee3p v\u00e0 ch\u1ea1y ch\u01b0\u01a1ng tr\u00ecnh v\u00e0 \u0111\u1eb7c bi\u1ec7t l\u00e0 \u0111\u00eam k\u1ef7 ni\u1ec7m ng\u00e0y h\u00f4m qua 16.11.2019. N\u1ebfu kh\u00f4ng c\u00f3 s\u1ef1 \u0111\u1ed3ng h\u00e0nh n\u00e0y th\u00ec ch\u01b0\u01a1ng tr\u00ecnh ch\u1eafc ch\u1eafn s\u1ebd kh\u00f4ng th\u1ec3 di\u1ec5n ra th\u00e0nh c\u00f4ng nh\u01b0 v\u1eady \u0111\u01b0\u1ee3c.<br><br><br><\/p>","protected":false},"excerpt":{"rendered":"<p>V\u1eady l\u00e0, ch\u01b0\u01a1ng tr\u00ecnh TIS Homecoming Gala k\u1ef7 ni\u1ec7m 20 n\u0103m Tr\u01b0\u1eddng Qu\u1ed1c T\u1ebf TIS c\u00f3 m\u1eb7t t\u1ea1i TP.HCM: Home Of My Heart \u0111\u00e3 di\u1ec5n ra \u0111\u1ea7y c\u1ea3m x\u00fac, b\u00f9ng n\u1ed5 v\u00e0 r\u1ea5t th\u00e0nh c\u00f4ng v\u00e0o \u0111\u00eam qua 16\/11\/2019 t\u1ea1i Nh\u00e0 H\u00e1t B\u1ebfn Th\u00e0nh, Q1, TP.HCM. Ch\u01b0\u01a1ng tr\u00ecnh bao g\u1ed3m Ph\u1ea7n L\u1ec5 k\u1ef7 ni\u1ec7m, tri [&hellip;]<\/p>","protected":false},"author":3,"featured_media":47458,"comment_status":"open","ping_status":"open","sticky":false,"template":"","format":"standard","meta":{"footnotes":""},"categories":[55],"tags":[],"class_list":["post-47457","post","type-post","status-publish","format-standard","has-post-thumbnail","hentry","category-tin-tuc"],"yoast_head":"<!-- This site is optimized with the Yoast SEO plugin v25.2 - https:\/\/yoast.com\/wordpress\/plugins\/seo\/ -->\n<title>\ufeffTH\u01af C\u1ea2M \u01a0N TIS HOMECOMING GALA 16.11.2019 - Tr\u01b0\u1eddng Qu\u1ed1c T\u1ebf TIS<\/title>\n<meta name=\"robots\" content=\"index, follow, max-snippet:-1, max-image-preview:large, max-video-preview:-1\" \/>\n<link rel=\"canonical\" href=\"https:\/\/tis.edu.vn\/en\/\ufeffthu-cam-on-tis-homecoming-gala-16-11-2019\/\" \/>\n<meta property=\"og:locale\" content=\"en_US\" \/>\n<meta property=\"og:type\" content=\"article\" \/>\n<meta property=\"og:title\" content=\"\ufeffTH\u01af C\u1ea2M \u01a0N TIS HOMECOMING GALA 16.11.2019 - Tr\u01b0\u1eddng Qu\u1ed1c T\u1ebf TIS\" \/>\n<meta property=\"og:description\" content=\"V\u1eady l\u00e0, ch\u01b0\u01a1ng tr\u00ecnh TIS Homecoming Gala k\u1ef7 ni\u1ec7m 20 n\u0103m Tr\u01b0\u1eddng Qu\u1ed1c T\u1ebf TIS c\u00f3 m\u1eb7t t\u1ea1i TP.HCM: Home Of My Heart \u0111\u00e3 di\u1ec5n ra \u0111\u1ea7y c\u1ea3m x\u00fac, b\u00f9ng n\u1ed5 v\u00e0 r\u1ea5t th\u00e0nh c\u00f4ng v\u00e0o \u0111\u00eam qua 16\/11\/2019 t\u1ea1i Nh\u00e0 H\u00e1t B\u1ebfn Th\u00e0nh, Q1, TP.HCM. Ch\u01b0\u01a1ng tr\u00ecnh bao g\u1ed3m Ph\u1ea7n L\u1ec5 k\u1ef7 ni\u1ec7m, tri [&hellip;]\" \/>\n<meta property=\"og:url\" content=\"https:\/\/tis.edu.vn\/en\/\ufeffthu-cam-on-tis-homecoming-gala-16-11-2019\/\" \/>\n<meta property=\"og:site_name\" content=\"Tr\u01b0\u1eddng Qu\u1ed1c T\u1ebf TIS\" \/>\n<meta property=\"article:publisher\" content=\"https:\/\/www.facebook.com\/TruongquocteTIS\/?fref=ts\" \/>\n<meta property=\"article:published_time\" content=\"2019-11-18T03:41:46+00:00\" \/>\n<meta property=\"article:modified_time\" content=\"2019-11-18T09:23:40+00:00\" \/>\n<meta property=\"og:image\" content=\"https:\/\/tis.edu.vn\/wp-content\/uploads\/2019\/11\/IMG_5562-min.jpg\" \/>\n\t<meta property=\"og:image:width\" content=\"6000\" \/>\n\t<meta property=\"og:image:height\" content=\"4000\" \/>\n\t<meta property=\"og:image:type\" content=\"image\/jpeg\" \/>\n<meta name=\"author\" content=\"V\u00f5 H\u1ea3i\" \/>\n<meta name=\"twitter:card\" content=\"summary_large_image\" \/>\n<meta name=\"twitter:label1\" content=\"Written by\" \/>\n\t<meta name=\"twitter:data1\" content=\"V\u00f5 H\u1ea3i\" \/>\n\t<meta name=\"twitter:label2\" content=\"Est. reading time\" \/>\n\t<meta name=\"twitter:data2\" content=\"5 minutes\" \/>\n<script type=\"application\/ld+json\" class=\"yoast-schema-graph\">{\"@context\":\"https:\/\/schema.org\",\"@graph\":[{\"@type\":\"Article\",\"@id\":\"https:\/\/tis.edu.vn\/%ef%bb%bfthu-cam-on-tis-homecoming-gala-16-11-2019\/#article\",\"isPartOf\":{\"@id\":\"https:\/\/tis.edu.vn\/%ef%bb%bfthu-cam-on-tis-homecoming-gala-16-11-2019\/\"},\"author\":{\"name\":\"V\u00f5 H\u1ea3i\",\"@id\":\"https:\/\/tis.edu.vn\/#\/schema\/person\/118e27754b19c78bab620a7dfcf82054\"},\"headline\":\"\ufeffTH\u01af C\u1ea2M \u01a0N TIS HOMECOMING GALA 16.11.2019\",\"datePublished\":\"2019-11-18T03:41:46+00:00\",\"dateModified\":\"2019-11-18T09:23:40+00:00\",\"mainEntityOfPage\":{\"@id\":\"https:\/\/tis.edu.vn\/%ef%bb%bfthu-cam-on-tis-homecoming-gala-16-11-2019\/\"},\"wordCount\":1033,\"commentCount\":0,\"publisher\":{\"@id\":\"https:\/\/tis.edu.vn\/#organization\"},\"image\":{\"@id\":\"https:\/\/tis.edu.vn\/%ef%bb%bfthu-cam-on-tis-homecoming-gala-16-11-2019\/#primaryimage\"},\"thumbnailUrl\":\"https:\/\/tis.edu.vn\/wp-content\/uploads\/2019\/11\/IMG_5562-min-scaled.jpg\",\"articleSection\":[\"TIS News\"],\"inLanguage\":\"en-US\",\"potentialAction\":[{\"@type\":\"CommentAction\",\"name\":\"Comment\",\"target\":[\"https:\/\/tis.edu.vn\/%ef%bb%bfthu-cam-on-tis-homecoming-gala-16-11-2019\/#respond\"]}]},{\"@type\":\"WebPage\",\"@id\":\"https:\/\/tis.edu.vn\/%ef%bb%bfthu-cam-on-tis-homecoming-gala-16-11-2019\/\",\"url\":\"https:\/\/tis.edu.vn\/%ef%bb%bfthu-cam-on-tis-homecoming-gala-16-11-2019\/\",\"name\":\"\ufeffTH\u01af C\u1ea2M \u01a0N TIS HOMECOMING GALA 16.11.2019 - Tr\u01b0\u1eddng Qu\u1ed1c T\u1ebf TIS\",\"isPartOf\":{\"@id\":\"https:\/\/tis.edu.vn\/#website\"},\"primaryImageOfPage\":{\"@id\":\"https:\/\/tis.edu.vn\/%ef%bb%bfthu-cam-on-tis-homecoming-gala-16-11-2019\/#primaryimage\"},\"image\":{\"@id\":\"https:\/\/tis.edu.vn\/%ef%bb%bfthu-cam-on-tis-homecoming-gala-16-11-2019\/#primaryimage\"},\"thumbnailUrl\":\"https:\/\/tis.edu.vn\/wp-content\/uploads\/2019\/11\/IMG_5562-min-scaled.jpg\",\"datePublished\":\"2019-11-18T03:41:46+00:00\",\"dateModified\":\"2019-11-18T09:23:40+00:00\",\"breadcrumb\":{\"@id\":\"https:\/\/tis.edu.vn\/%ef%bb%bfthu-cam-on-tis-homecoming-gala-16-11-2019\/#breadcrumb\"},\"inLanguage\":\"en-US\",\"potentialAction\":[{\"@type\":\"ReadAction\",\"target\":[\"https:\/\/tis.edu.vn\/%ef%bb%bfthu-cam-on-tis-homecoming-gala-16-11-2019\/\"]}]},{\"@type\":\"ImageObject\",\"inLanguage\":\"en-US\",\"@id\":\"https:\/\/tis.edu.vn\/%ef%bb%bfthu-cam-on-tis-homecoming-gala-16-11-2019\/#primaryimage\",\"url\":\"https:\/\/tis.edu.vn\/wp-content\/uploads\/2019\/11\/IMG_5562-min-scaled.jpg\",\"contentUrl\":\"https:\/\/tis.edu.vn\/wp-content\/uploads\/2019\/11\/IMG_5562-min-scaled.jpg\",\"width\":2560,\"height\":1707},{\"@type\":\"BreadcrumbList\",\"@id\":\"https:\/\/tis.edu.vn\/%ef%bb%bfthu-cam-on-tis-homecoming-gala-16-11-2019\/#breadcrumb\",\"itemListElement\":[{\"@type\":\"ListItem\",\"position\":1,\"name\":\"Home\",\"item\":\"https:\/\/tis.edu.vn\/\"},{\"@type\":\"ListItem\",\"position\":2,\"name\":\"\ufeffTH\u01af C\u1ea2M \u01a0N TIS HOMECOMING GALA 16.11.2019\"}]},{\"@type\":\"WebSite\",\"@id\":\"https:\/\/tis.edu.vn\/#website\",\"url\":\"https:\/\/tis.edu.vn\/\",\"name\":\"Tr\u01b0\u1eddng Qu\u1ed1c T\u1ebf TIS - Tr\u01b0\u1eddng Ph\u1ed5 Th\u00f4ng Qu\u1ed1c T\u1ebf Ch\u1ea5t L\u01b0\u1ee3ng\",\"description\":\"Tr\u01b0\u1eddng Ph\u1ed5 Th\u00f4ng Qu\u1ed1c T\u1ebf Ch\u1ea5t L\u01b0\u1ee3ng\",\"publisher\":{\"@id\":\"https:\/\/tis.edu.vn\/#organization\"},\"alternateName\":\"TIS\",\"potentialAction\":[{\"@type\":\"SearchAction\",\"target\":{\"@type\":\"EntryPoint\",\"urlTemplate\":\"https:\/\/tis.edu.vn\/?s={search_term_string}\"},\"query-input\":{\"@type\":\"PropertyValueSpecification\",\"valueRequired\":true,\"valueName\":\"search_term_string\"}}],\"inLanguage\":\"en-US\"},{\"@type\":\"Organization\",\"@id\":\"https:\/\/tis.edu.vn\/#organization\",\"name\":\"Tr\u01b0\u1eddng Qu\u1ed1c T\u1ebf TIS\",\"alternateName\":\"Tr\u01b0\u1eddng Qu\u1ed1c T\u1ebf TIS - Tr\u01b0\u1eddng Ph\u1ed5 Th\u00f4ng Qu\u1ed1c T\u1ebf Ch\u1ea5t L\u01b0\u1ee3ng\",\"url\":\"https:\/\/tis.edu.vn\/\",\"logo\":{\"@type\":\"ImageObject\",\"inLanguage\":\"en-US\",\"@id\":\"https:\/\/tis.edu.vn\/#\/schema\/logo\/image\/\",\"url\":\"https:\/\/tis.edu.vn\/wp-content\/uploads\/2021\/11\/New_Logo-06.png\",\"contentUrl\":\"https:\/\/tis.edu.vn\/wp-content\/uploads\/2021\/11\/New_Logo-06.png\",\"width\":5010,\"height\":3915,\"caption\":\"Tr\u01b0\u1eddng Qu\u1ed1c T\u1ebf TIS\"},\"image\":{\"@id\":\"https:\/\/tis.edu.vn\/#\/schema\/logo\/image\/\"},\"sameAs\":[\"https:\/\/www.facebook.com\/TruongquocteTIS\/?fref=ts\",\"https:\/\/www.youtube.com\/channel\/UCyWzx0U8yCzYkaq6Ms4GRqg\"]},{\"@type\":\"Person\",\"@id\":\"https:\/\/tis.edu.vn\/#\/schema\/person\/118e27754b19c78bab620a7dfcf82054\",\"name\":\"V\u00f5 H\u1ea3i\",\"image\":{\"@type\":\"ImageObject\",\"inLanguage\":\"en-US\",\"@id\":\"https:\/\/tis.edu.vn\/#\/schema\/person\/image\/\",\"url\":\"https:\/\/secure.gravatar.com\/avatar\/a0e3044eedefa87d50de3bc477453db8?s=96&d=mm&r=g\",\"contentUrl\":\"https:\/\/secure.gravatar.com\/avatar\/a0e3044eedefa87d50de3bc477453db8?s=96&d=mm&r=g\",\"caption\":\"V\u00f5 H\u1ea3i\"},\"sameAs\":[\"http:\/\/tis.edu.vn\"],\"url\":\"https:\/\/tis.edu.vn\/en\/author\/hoang\/\"}]}<\/script>\n<!-- \/ Yoast SEO plugin. -->","yoast_head_json":{"title":"\ufeffTH\u01af C\u1ea2M \u01a0N TIS HOMECOMING GALA 16.11.2019 - Tr\u01b0\u1eddng Qu\u1ed1c T\u1ebf TIS","robots":{"index":"index","follow":"follow","max-snippet":"max-snippet:-1","max-image-preview":"max-image-preview:large","max-video-preview":"max-video-preview:-1"},"canonical":"https:\/\/tis.edu.vn\/en\/\ufeffthu-cam-on-tis-homecoming-gala-16-11-2019\/","og_locale":"en_US","og_type":"article","og_title":"\ufeffTH\u01af C\u1ea2M \u01a0N TIS HOMECOMING GALA 16.11.2019 - Tr\u01b0\u1eddng Qu\u1ed1c T\u1ebf TIS","og_description":"V\u1eady l\u00e0, ch\u01b0\u01a1ng tr\u00ecnh TIS Homecoming Gala k\u1ef7 ni\u1ec7m 20 n\u0103m Tr\u01b0\u1eddng Qu\u1ed1c T\u1ebf TIS c\u00f3 m\u1eb7t t\u1ea1i TP.HCM: Home Of My Heart \u0111\u00e3 di\u1ec5n ra \u0111\u1ea7y c\u1ea3m x\u00fac, b\u00f9ng n\u1ed5 v\u00e0 r\u1ea5t th\u00e0nh c\u00f4ng v\u00e0o \u0111\u00eam qua 16\/11\/2019 t\u1ea1i Nh\u00e0 H\u00e1t B\u1ebfn Th\u00e0nh, Q1, TP.HCM. Ch\u01b0\u01a1ng tr\u00ecnh bao g\u1ed3m Ph\u1ea7n L\u1ec5 k\u1ef7 ni\u1ec7m, tri [&hellip;]","og_url":"https:\/\/tis.edu.vn\/en\/\ufeffthu-cam-on-tis-homecoming-gala-16-11-2019\/","og_site_name":"Tr\u01b0\u1eddng Qu\u1ed1c T\u1ebf TIS","article_publisher":"https:\/\/www.facebook.com\/TruongquocteTIS\/?fref=ts","article_published_time":"2019-11-18T03:41:46+00:00","article_modified_time":"2019-11-18T09:23:40+00:00","og_image":[{"width":6000,"height":4000,"url":"https:\/\/tis.edu.vn\/wp-content\/uploads\/2019\/11\/IMG_5562-min.jpg","type":"image\/jpeg"}],"author":"V\u00f5 H\u1ea3i","twitter_card":"summary_large_image","twitter_misc":{"Written by":"V\u00f5 H\u1ea3i","Est. reading time":"5 minutes"},"schema":{"@context":"https:\/\/schema.org","@graph":[{"@type":"Article","@id":"https:\/\/tis.edu.vn\/%ef%bb%bfthu-cam-on-tis-homecoming-gala-16-11-2019\/#article","isPartOf":{"@id":"https:\/\/tis.edu.vn\/%ef%bb%bfthu-cam-on-tis-homecoming-gala-16-11-2019\/"},"author":{"name":"V\u00f5 H\u1ea3i","@id":"https:\/\/tis.edu.vn\/#\/schema\/person\/118e27754b19c78bab620a7dfcf82054"},"headline":"\ufeffTH\u01af C\u1ea2M \u01a0N TIS HOMECOMING GALA 16.11.2019","datePublished":"2019-11-18T03:41:46+00:00","dateModified":"2019-11-18T09:23:40+00:00","mainEntityOfPage":{"@id":"https:\/\/tis.edu.vn\/%ef%bb%bfthu-cam-on-tis-homecoming-gala-16-11-2019\/"},"wordCount":1033,"commentCount":0,"publisher":{"@id":"https:\/\/tis.edu.vn\/#organization"},"image":{"@id":"https:\/\/tis.edu.vn\/%ef%bb%bfthu-cam-on-tis-homecoming-gala-16-11-2019\/#primaryimage"},"thumbnailUrl":"https:\/\/tis.edu.vn\/wp-content\/uploads\/2019\/11\/IMG_5562-min-scaled.jpg","articleSection":["TIS News"],"inLanguage":"en-US","potentialAction":[{"@type":"CommentAction","name":"Comment","target":["https:\/\/tis.edu.vn\/%ef%bb%bfthu-cam-on-tis-homecoming-gala-16-11-2019\/#respond"]}]},{"@type":"WebPage","@id":"https:\/\/tis.edu.vn\/%ef%bb%bfthu-cam-on-tis-homecoming-gala-16-11-2019\/","url":"https:\/\/tis.edu.vn\/%ef%bb%bfthu-cam-on-tis-homecoming-gala-16-11-2019\/","name":"\ufeffTH\u01af C\u1ea2M \u01a0N TIS HOMECOMING GALA 16.11.2019 - Tr\u01b0\u1eddng Qu\u1ed1c T\u1ebf TIS","isPartOf":{"@id":"https:\/\/tis.edu.vn\/#website"},"primaryImageOfPage":{"@id":"https:\/\/tis.edu.vn\/%ef%bb%bfthu-cam-on-tis-homecoming-gala-16-11-2019\/#primaryimage"},"image":{"@id":"https:\/\/tis.edu.vn\/%ef%bb%bfthu-cam-on-tis-homecoming-gala-16-11-2019\/#primaryimage"},"thumbnailUrl":"https:\/\/tis.edu.vn\/wp-content\/uploads\/2019\/11\/IMG_5562-min-scaled.jpg","datePublished":"2019-11-18T03:41:46+00:00","dateModified":"2019-11-18T09:23:40+00:00","breadcrumb":{"@id":"https:\/\/tis.edu.vn\/%ef%bb%bfthu-cam-on-tis-homecoming-gala-16-11-2019\/#breadcrumb"},"inLanguage":"en-US","potentialAction":[{"@type":"ReadAction","target":["https:\/\/tis.edu.vn\/%ef%bb%bfthu-cam-on-tis-homecoming-gala-16-11-2019\/"]}]},{"@type":"ImageObject","inLanguage":"en-US","@id":"https:\/\/tis.edu.vn\/%ef%bb%bfthu-cam-on-tis-homecoming-gala-16-11-2019\/#primaryimage","url":"https:\/\/tis.edu.vn\/wp-content\/uploads\/2019\/11\/IMG_5562-min-scaled.jpg","contentUrl":"https:\/\/tis.edu.vn\/wp-content\/uploads\/2019\/11\/IMG_5562-min-scaled.jpg","width":2560,"height":1707},{"@type":"BreadcrumbList","@id":"https:\/\/tis.edu.vn\/%ef%bb%bfthu-cam-on-tis-homecoming-gala-16-11-2019\/#breadcrumb","itemListElement":[{"@type":"ListItem","position":1,"name":"Home","item":"https:\/\/tis.edu.vn\/"},{"@type":"ListItem","position":2,"name":"\ufeffTH\u01af C\u1ea2M \u01a0N TIS HOMECOMING GALA 16.11.2019"}]},{"@type":"WebSite","@id":"https:\/\/tis.edu.vn\/#website","url":"https:\/\/tis.edu.vn\/","name":"Tr\u01b0\u1eddng Qu\u1ed1c T\u1ebf TIS - Tr\u01b0\u1eddng Ph\u1ed5 Th\u00f4ng Qu\u1ed1c T\u1ebf Ch\u1ea5t L\u01b0\u1ee3ng","description":"Tr\u01b0\u1eddng Ph\u1ed5 Th\u00f4ng Qu\u1ed1c T\u1ebf Ch\u1ea5t L\u01b0\u1ee3ng","publisher":{"@id":"https:\/\/tis.edu.vn\/#organization"},"alternateName":"TIS","potentialAction":[{"@type":"SearchAction","target":{"@type":"EntryPoint","urlTemplate":"https:\/\/tis.edu.vn\/?s={search_term_string}"},"query-input":{"@type":"PropertyValueSpecification","valueRequired":true,"valueName":"search_term_string"}}],"inLanguage":"en-US"},{"@type":"Organization","@id":"https:\/\/tis.edu.vn\/#organization","name":"Tr\u01b0\u1eddng Qu\u1ed1c T\u1ebf TIS","alternateName":"Tr\u01b0\u1eddng Qu\u1ed1c T\u1ebf TIS - Tr\u01b0\u1eddng Ph\u1ed5 Th\u00f4ng Qu\u1ed1c T\u1ebf Ch\u1ea5t L\u01b0\u1ee3ng","url":"https:\/\/tis.edu.vn\/","logo":{"@type":"ImageObject","inLanguage":"en-US","@id":"https:\/\/tis.edu.vn\/#\/schema\/logo\/image\/","url":"https:\/\/tis.edu.vn\/wp-content\/uploads\/2021\/11\/New_Logo-06.png","contentUrl":"https:\/\/tis.edu.vn\/wp-content\/uploads\/2021\/11\/New_Logo-06.png","width":5010,"height":3915,"caption":"Tr\u01b0\u1eddng Qu\u1ed1c T\u1ebf TIS"},"image":{"@id":"https:\/\/tis.edu.vn\/#\/schema\/logo\/image\/"},"sameAs":["https:\/\/www.facebook.com\/TruongquocteTIS\/?fref=ts","https:\/\/www.youtube.com\/channel\/UCyWzx0U8yCzYkaq6Ms4GRqg"]},{"@type":"Person","@id":"https:\/\/tis.edu.vn\/#\/schema\/person\/118e27754b19c78bab620a7dfcf82054","name":"V\u00f5 H\u1ea3i","image":{"@type":"ImageObject","inLanguage":"en-US","@id":"https:\/\/tis.edu.vn\/#\/schema\/person\/image\/","url":"https:\/\/secure.gravatar.com\/avatar\/a0e3044eedefa87d50de3bc477453db8?s=96&d=mm&r=g","contentUrl":"https:\/\/secure.gravatar.com\/avatar\/a0e3044eedefa87d50de3bc477453db8?s=96&d=mm&r=g","caption":"V\u00f5 H\u1ea3i"},"sameAs":["http:\/\/tis.edu.vn"],"url":"https:\/\/tis.edu.vn\/en\/author\/hoang\/"}]}},"amp_enabled":true,"_links":{"self":[{"href":"https:\/\/tis.edu.vn\/en\/wp-json\/wp\/v2\/posts\/47457","targetHints":{"allow":["GET"]}}],"collection":[{"href":"https:\/\/tis.edu.vn\/en\/wp-json\/wp\/v2\/posts"}],"about":[{"href":"https:\/\/tis.edu.vn\/en\/wp-json\/wp\/v2\/types\/post"}],"author":[{"embeddable":true,"href":"https:\/\/tis.edu.vn\/en\/wp-json\/wp\/v2\/users\/3"}],"replies":[{"embeddable":true,"href":"https:\/\/tis.edu.vn\/en\/wp-json\/wp\/v2\/comments?post=47457"}],"version-history":[{"count":0,"href":"https:\/\/tis.edu.vn\/en\/wp-json\/wp\/v2\/posts\/47457\/revisions"}],"wp:featuredmedia":[{"embeddable":true,"href":"https:\/\/tis.edu.vn\/en\/wp-json\/wp\/v2\/media\/47458"}],"wp:attachment":[{"href":"https:\/\/tis.edu.vn\/en\/wp-json\/wp\/v2\/media?parent=47457"}],"wp:term":[{"taxonomy":"category","embeddable":true,"href":"https:\/\/tis.edu.vn\/en\/wp-json\/wp\/v2\/categories?post=47457"},{"taxonomy":"post_tag","embeddable":true,"href":"https:\/\/tis.edu.vn\/en\/wp-json\/wp\/v2\/tags?post=47457"}],"curies":[{"name":"wp","href":"https:\/\/api.w.org\/{rel}","templated":true}]}}